{"id":6560,"date":"2017-03-30T18:42:00","date_gmt":"2017-03-30T22:42:00","guid":{"rendered":"http:\/\/new.whomakesthenews.org\/index.php\/2017\/03\/30\/csw61-reflexiones-2\/"},"modified":"2024-04-05T11:49:48","modified_gmt":"2024-04-05T15:49:48","slug":"csw61-reflexiones-2","status":"publish","type":"post","link":"https:\/\/whomakesthenews.org\/es\/csw61-reflexiones-2\/","title":{"rendered":"CSW61: Reflexiones 2"},"content":{"rendered":"<h3>Un espacio revolucionario y de esperanza<\/h3>\n<p>Por Vilma Pe\u00f1a V.*<\/p>\n<h3><\/h3>\n<p>La consulta en torno a la estrategia para la Campa\u00f1a Erradiquemos el Sexismo en las Noticias, fue un hito en mi vida y la de muchas otras personas que trabajamos y estudiamos los medios de comunicaci\u00f3n desde una perspectiva de g\u00e9nero y m\u00e1s all\u00e1 del g\u00e9nero, y que fuimos convocadas por la Asociaci\u00f3n Mundial para la Comunicaci\u00f3n Cristiana (WACC).<\/p>\n<p>Fue como esa escultura colocada frente al toro de Wall Street,\u00a0 que reta al poder desde un acto simple, pero emblem\u00e1tico y poderoso, desde un cuerpo peque\u00f1o de ni\u00f1a o joven mujer, imagen que se torna retadora, definida, y valiente.<\/p>\n<p>Esta imagen en perspectiva, hace eco para quienes caminamos en esta haza\u00f1a cotidiana de retar al sistema econ\u00f3mico, patriarcal y de medios masivos.<\/p>\n<p>Imagen de triunfo porque\u00a0 vence el miedo al miedo mismo, y tambi\u00e9n al de esas bestias que parecen querer envestirnos ojal\u00e1 de frente, pues la mayor\u00eda del tiempo lo hacen en forma oculta y agazapada.<\/p>\n<p>Desde Am\u00e9rica, \u00c1frica y Asia, estamos develando que es posible que triunfe la vida al ceder la imagen, la palabra y la escritura, a quienes han esperado toda la vida para ejercer su derecho a la comunicaci\u00f3n.\u00a0\u00a0\u00a0 Las mujeres resultan ser las protagonistas de la historia, por su resistencia, radicalizaci\u00f3n y retorno al concepto de liberaci\u00f3n y feminismos,\u00a0 ya que no es posible entenderlo en singular.<\/p>\n<p>Gracias amigos y amigas, que hicimos posible un encuentro de hermandad y de presencia s\u00f3lida y elocuente.\u00a0 Desde nuestros pa\u00edses, desde nuestros espacios, sigamos luchando para erradicar el sexismo en las noticias,\u00a0 para lograr que por fin cese la violencia simb\u00f3lica y f\u00edsica.\u00a0 Para que sigamos trabajando a favor de la justicia de g\u00e9nero y cerremos la brechas que empobrecen y fomentan los odios.\u00a0\u00a0 Hagamos la tarea desde una otra comunicaci\u00f3n que fomente el respeto, el reconocimiento de nuestras diferencias y el amor.<\/p>\n<p>Saludos.\u00a0 Argentina. Bangladesh.\u00a0 Bolivia.\u00a0 Bosnia &amp; Herzegovina. Costa Rica. Ecuador.\u00a0 India. Jamaica.\u00a0 M\u00e9xico.\u00a0 Nepal.\u00a0 Nigeria.\u00a0 Palestina.\u00a0 Paraguay.\u00a0 Senegal. Serbia.\u00a0 Uganda.\u00a0 Vietnam.<\/p>\n<p><em>* Miembra de la WACC Latinoam\u00e9rica y <a href=\"\/es\/www.observatoriogema.com\/\" target=\"_blank\" rel=\"noopener noreferrer\">El Observatorio Centroamericano de G\u00e9nero y Comunicaci\u00f3n (GEMA)<\/a>, Costa Rica.\u00a0 El Observatorio GEMA es un espacio de encuentro y di\u00e1logo entre la ciudadan\u00eda, los medios de comunicaci\u00f3n, las industrias culturales, las empresas de publicidad y profesionales de la comunicaci\u00f3n.<\/em><\/p>","protected":false},"excerpt":{"rendered":"<p>Reflexiones de&nbsp;Vilma Pe&ntilde;a (WACC Latinoam&eacute;rica y el Observatiorio GEMA de Costa Rica) sobre la consulta pre-CSW61 &#8220;G&eacute;nero y medios: Desaf\u00edos y oportunidades en la Era Post 2015&#8221; organizada por WACC en Nueva York. 9 -11 de marzo de 2017.<\/p>","protected":false},"author":3,"featured_media":0,"comment_status":"open","ping_status":"open","sticky":false,"template":"","format":"standard","meta":{"footnotes":""},"categories":[48,78,90,53],"tags":[112,82,83,97,98,71],"class_list":["post-6560","post","type-post","status-publish","format-standard","hentry","category-advocacy","category-blogposts","category-conferences","category-general","tag-america-latina","tag-blogposts","tag-campaigns","tag-communication-rights","tag-gender","tag-women-in-media"],"_links":{"self":[{"href":"https:\/\/whomakesthenews.org\/es\/wp-json\/wp\/v2\/posts\/6560","targetHints":{"allow":["GET"]}}],"collection":[{"href":"https:\/\/whomakesthenews.org\/es\/wp-json\/wp\/v2\/posts"}],"about":[{"href":"https:\/\/whomakesthenews.org\/es\/wp-json\/wp\/v2\/types\/post"}],"author":[{"embeddable":true,"href":"https:\/\/whomakesthenews.org\/es\/wp-json\/wp\/v2\/users\/3"}],"replies":[{"embeddable":true,"href":"https:\/\/whomakesthenews.org\/es\/wp-json\/wp\/v2\/comments?post=6560"}],"version-history":[{"count":1,"href":"https:\/\/whomakesthenews.org\/es\/wp-json\/wp\/v2\/posts\/6560\/revisions"}],"predecessor-version":[{"id":12055,"href":"https:\/\/whomakesthenews.org\/es\/wp-json\/wp\/v2\/posts\/6560\/revisions\/12055"}],"wp:attachment":[{"href":"https:\/\/whomakesthenews.org\/es\/wp-json\/wp\/v2\/media?parent=6560"}],"wp:term":[{"taxonomy":"category","embeddable":true,"href":"https:\/\/whomakesthenews.org\/es\/wp-json\/wp\/v2\/categories?post=6560"},{"taxonomy":"post_tag","embeddable":true,"href":"https:\/\/whomakesthenews.org\/es\/wp-json\/wp\/v2\/tags?post=6560"}],"curies":[{"name":"wp","href":"https:\/\/api.w.org\/{rel}","templated":true}]}}